{"id":116,"date":"2014-02-04T13:49:19","date_gmt":"2014-02-04T11:49:19","guid":{"rendered":"http:\/\/krzysztof-kuc.info\/?p=116"},"modified":"2017-09-28T01:48:04","modified_gmt":"2017-09-27T23:48:04","slug":"krzysztof-kuc-i-wojciech-czuprynski-skazani","status":"publish","type":"post","link":"https:\/\/krzysztof-kuc.info\/?p=116","title":{"rendered":"Krzysztof Kuc skazany !"},"content":{"rendered":"<p style=\"text-align: justify;\"><a href=\"http:\/\/krzysztof-kuc.info\/wp-content\/uploads\/2014\/02\/7d3f0b60a13d94fa26b8f51532372a701.jpg\"><img loading=\"lazy\" decoding=\"async\" class=\"alignleft wp-image-118\" src=\"http:\/\/krzysztof-kuc.info\/wp-content\/uploads\/2014\/02\/7d3f0b60a13d94fa26b8f51532372a701.jpg\" alt=\"7d3f0b60a13d94fa26b8f51532372a70[1]\" width=\"261\" height=\"166\" srcset=\"https:\/\/krzysztof-kuc.info\/wp-content\/uploads\/2014\/02\/7d3f0b60a13d94fa26b8f51532372a701.jpg 435w, https:\/\/krzysztof-kuc.info\/wp-content\/uploads\/2014\/02\/7d3f0b60a13d94fa26b8f51532372a701-300x190.jpg 300w\" sizes=\"(max-width: 261px) 100vw, 261px\" \/><\/a>Po d\u0142ugim i nieudolnie prowadzonym post\u0119powaniu doczekali\u015bmy si\u0119 w ko\u0144cu skazania oszusta-recydywisty. Kopi\u0119 wyroku w formacie pdf zamieszczamy na dole. Niestety, wydano go bez sporz\u0105dzania uzasadnienia, wi\u0119c nie wiemy, jakimi przes\u0142ankami kierowa\u0142 si\u0119 orzekaj\u0105cy w sprawie, s\u0119dzia Piotr Markowski, kt\u00f3ry na mocy art.286. \u00a7 1 m\u00f3g\u0142 zabezpieczy\u0107 spo\u0142ecze\u0144stwo przed z\u0142odziejem na 8 lat a tymczasem zdecydowa\u0142 si\u0119 umo\u017cliwi\u0107 mu\u00a0 powr\u00f3t do przest\u0119pczego procederu a\u017c o 4,5 roku wcze\u015bniej. Bior\u0105c pod uwag\u0119 bogat\u0105 przesz\u0142o\u015b\u0107 kryminaln\u0105 skazanego trudno si\u0119 chyba spodziewa\u0107, \u017ce po opuszczeniu zak\u0142adu karnego w wieku prawie 45 lat, zacznie on po raz pierwszy w \u017cyciu uczciwie zarabia\u0107 i zwr\u00f3ci pieni\u0105dze osobom, kt\u00f3re okrad\u0142.<\/p>\n<p style=\"text-align: justify;\"><a title=\"Kuc -wyrok\" href=\"http:\/\/www.datafilehost.com\/d\/84cc4b00\" target=\"_blank\" rel=\"noopener\"><span style=\"color: #000000;\">Kopia wyroku w formacie PDF<\/span><\/a><\/p>\n<p style=\"text-align: justify;\"><span style=\"color: #000000;\"><span style=\"font-family: Arial, sans-serif;\"><span style=\"font-size: medium;\">Dla zobrazowania specyfiki bia\u0142ostockiego s\u0105downictwa warto przytoczy\u0107 fakt, \u017ce <\/span><\/span><span style=\"font-family: Arial, sans-serif;\"><span style=\"font-size: medium;\">za oszustwo na \u0142\u0105czn\u0105 kwot\u0119 70 z\u0142 (s\u0142ownie: siedemdziesi\u0105t z\u0142otych) na szkod\u0119 os\u00f3b z rodziny znanego bia\u0142ostockiego adwokata Jana Chojnowskiego sprawca zosta\u0142 skazany na rok pozbawienia wolno\u015bci .<\/span><\/span><\/span><\/p>\n<p><span style=\"color: #000000;\">Kopi\u0119 wyroku mo\u017cna przeczyta\u0107 tu: <a title=\"Wyrok\" href=\"http:\/\/slonecznystok.pl\/media\/k2\/items\/cache\/3cc3ea028ec2c5bc49d14fb381a9929f_M.jpg\" target=\"_blank\" rel=\"noopener\">wyrok<\/a><\/span><\/p>\n","protected":false},"excerpt":{"rendered":"<p>Po d\u0142ugim i nieudolnie prowadzonym post\u0119powaniu doczekali\u015bmy si\u0119 w ko\u0144cu skazania oszusta-recydywisty. Kopi\u0119 wyroku w formacie pdf zamieszczamy na dole. Niestety, wydano go bez sporz\u0105dzania uzasadnienia, wi\u0119c nie wiemy, jakimi przes\u0142ankami kierowa\u0142 si\u0119 orzekaj\u0105cy w sprawie, s\u0119dzia Piotr Markowski, kt\u00f3ry &hellip; <a href=\"https:\/\/krzysztof-kuc.info\/?p=116\">Czytaj dalej <span class=\"meta-nav\">&rarr;<\/span><\/a><\/p>\n","protected":false},"author":1,"featured_media":0,"comment_status":"open","ping_status":"open","sticky":false,"template":"","format":"standard","meta":{"footnotes":""},"categories":[1],"tags":[6,4,7,10,8,5,9],"class_list":["post-116","post","type-post","status-publish","format-standard","hentry","category-ogolne","tag-allegro","tag-krzysztof-kuc","tag-oszust","tag-piotr-markowski","tag-skazany","tag-wojciech-czuprynski","tag-wyrok"],"_links":{"self":[{"href":"https:\/\/krzysztof-kuc.info\/index.php?rest_route=\/wp\/v2\/posts\/116"}],"collection":[{"href":"https:\/\/krzysztof-kuc.info\/index.php?rest_route=\/wp\/v2\/posts"}],"about":[{"href":"https:\/\/krzysztof-kuc.info\/index.php?rest_route=\/wp\/v2\/types\/post"}],"author":[{"embeddable":true,"href":"https:\/\/krzysztof-kuc.info\/index.php?rest_route=\/wp\/v2\/users\/1"}],"replies":[{"embeddable":true,"href":"https:\/\/krzysztof-kuc.info\/index.php?rest_route=%2Fwp%2Fv2%2Fcomments&post=116"}],"version-history":[{"count":8,"href":"https:\/\/krzysztof-kuc.info\/index.php?rest_route=\/wp\/v2\/posts\/116\/revisions"}],"predecessor-version":[{"id":176,"href":"https:\/\/krzysztof-kuc.info\/index.php?rest_route=\/wp\/v2\/posts\/116\/revisions\/176"}],"wp:attachment":[{"href":"https:\/\/krzysztof-kuc.info\/index.php?rest_route=%2Fwp%2Fv2%2Fmedia&parent=116"}],"wp:term":[{"taxonomy":"category","embeddable":true,"href":"https:\/\/krzysztof-kuc.info\/index.php?rest_route=%2Fwp%2Fv2%2Fcategories&post=116"},{"taxonomy":"post_tag","embeddable":true,"href":"https:\/\/krzysztof-kuc.info\/index.php?rest_route=%2Fwp%2Fv2%2Ftags&post=116"}],"curies":[{"name":"wp","href":"https:\/\/api.w.org\/{rel}","templated":true}]}}